{"id":4218,"date":"2026-03-16T21:58:58","date_gmt":"2026-03-16T20:58:58","guid":{"rendered":"https:\/\/auerworld-festival.de\/?p=4218"},"modified":"2026-03-16T21:58:58","modified_gmt":"2026-03-16T20:58:58","slug":"%f0%9f%8c%bf-baumarbeiten-arbeitseinsatz-runde-zwei-%f0%9f%8c%bf","status":"publish","type":"post","link":"https:\/\/auerworld-festival.de\/en\/%f0%9f%8c%bf-baumarbeiten-arbeitseinsatz-runde-zwei-%f0%9f%8c%bf\/","title":{"rendered":"\ud83c\udf3f Baumarbeiten &amp; Arbeitseinsatz: Runde Zwei \ud83c\udf3f"},"content":{"rendered":"<p><strong>Ihr Lieben,<\/strong><\/p>\n\n\n\n<p>auf dem Festivalgel\u00e4nde tut sich etwas.<\/p>\n\n\n\n<p>Viele flei\u00dfige Helfer waren am letzten Wochenende dabei und haben bei der Gel\u00e4ndepflege mit angepackt.<br>Ein gro\u00dfes St\u00fcck Arbeit ist getan.<br>Danke an alle, die dabei waren!<\/p>\n\n\n\n<h2 class=\"wp-block-heading\">Flashback<\/h2>\n\n\n\n<p>Eventuell erinnert ihr euch daran, dass wir im Laufe des letzten Festivals Bereiche sperren mussten, da \u00c4ste auf das Gel\u00e4nde fielen.<\/p>\n\n\n\n<p>Ein Festival unter B\u00e4umen zu feiern ist etwas wundersch\u00f6nes und sorgt f\u00fcr eine tolle Atmosph\u00e4re. Aber es bringt auch besondere Herausforderungen mit sich.<\/p>\n\n\n\n<p>Wir arbeiten kontinuierlich daran, einen sicheren Festivalraum f\u00fcr uns alle aufrecht zu erhalten. Diese Aufgabe hat bei uns gerade h\u00f6chste Prio. Da Aufkl\u00e4rung dabei auch eine wichtige Rolle spielt, werden wir euch auf unserem aktuellen Weg mitnehmen.<\/p>\n\n\n\n<h2 class=\"wp-block-heading\">What&#8217;s next?<\/h2>\n\n\n\n<p>Unter anderem werden die Baumarbeiten kommendes Wochenende fortgesetzt: <strong>20.03.2026 &#8211; 22.03.2026<\/strong><\/p>\n\n\n\n<p>Kommt gerne vorbei. Wir freuen uns auf euch.<\/p>\n\n\n\n<p><em> &#8211; Stay tuned &#8211;<\/em><\/p>","protected":false},"excerpt":{"rendered":"<p>Ihr Lieben, auf dem Festivalgel\u00e4nde tut sich etwas. Viele flei\u00dfige Helfer waren am letzten Wochenende dabei und haben bei der Gel\u00e4ndepflege mit angepackt.Ein gro\u00dfes St\u00fcck Arbeit ist getan.Danke an alle, die dabei waren! Flashback Eventuell erinnert ihr euch daran, dass wir im Laufe des letzten Festivals Bereiche sperren mussten, da \u00c4ste auf das Gel\u00e4nde fielen. [&hellip;]<\/p>\n","protected":false},"author":9,"featured_media":4219,"comment_status":"closed","ping_status":"open","sticky":false,"template":"","format":"standard","meta":{"_et_pb_use_builder":"off","_et_pb_old_content":"","_et_gb_content_width":"","footnotes":""},"categories":[384],"tags":[],"post_folder":[382],"class_list":["post-4218","post","type-post","status-publish","format-standard","has-post-thumbnail","hentry","category-arbeitseinsatz"],"yoast_head":"<!-- This site is optimized with the Yoast SEO plugin v27.3 - https:\/\/yoast.com\/product\/yoast-seo-wordpress\/ -->\n<title>\ud83c\udf3f Baumarbeiten &amp; Arbeitseinsatz: Runde Zwei \ud83c\udf3f - Auerworld Festival<\/title>\n<meta name=\"robots\" content=\"index, follow, max-snippet:-1, max-image-preview:large, max-video-preview:-1\" \/>\n<link rel=\"canonical\" href=\"https:\/\/auerworld-festival.de\/en\/\ud83c\udf3f-baumarbeiten-arbeitseinsatz-runde-zwei-\ud83c\udf3f\/\" \/>\n<meta property=\"og:locale\" content=\"en_GB\" \/>\n<meta property=\"og:type\" content=\"article\" \/>\n<meta property=\"og:title\" content=\"\ud83c\udf3f Baumarbeiten &amp; Arbeitseinsatz: Runde Zwei \ud83c\udf3f - Auerworld Festival\" \/>\n<meta property=\"og:description\" content=\"Ihr Lieben, auf dem Festivalgel\u00e4nde tut sich etwas. Viele flei\u00dfige Helfer waren am letzten Wochenende dabei und haben bei der Gel\u00e4ndepflege mit angepackt.Ein gro\u00dfes St\u00fcck Arbeit ist getan.Danke an alle, die dabei waren! Flashback Eventuell erinnert ihr euch daran, dass wir im Laufe des letzten Festivals Bereiche sperren mussten, da \u00c4ste auf das Gel\u00e4nde fielen. [&hellip;]\" \/>\n<meta property=\"og:url\" content=\"https:\/\/auerworld-festival.de\/en\/\ud83c\udf3f-baumarbeiten-arbeitseinsatz-runde-zwei-\ud83c\udf3f\/\" \/>\n<meta property=\"og:site_name\" content=\"Auerworld Festival\" \/>\n<meta property=\"article:publisher\" content=\"https:\/\/www.facebook.com\/auerworld.festival\/\" \/>\n<meta property=\"article:published_time\" content=\"2026-03-16T20:58:58+00:00\" \/>\n<meta property=\"og:image\" content=\"https:\/\/auerworld-festival.de\/wp-content\/uploads\/Baumarbeiten-Arbeitseinsatz-2026-03-20.webp\" \/>\n\t<meta property=\"og:image:width\" content=\"2048\" \/>\n\t<meta property=\"og:image:height\" content=\"1365\" \/>\n\t<meta property=\"og:image:type\" content=\"image\/webp\" \/>\n<meta name=\"author\" content=\"Mike Knappe\" \/>\n<meta name=\"twitter:card\" content=\"summary_large_image\" \/>\n<meta name=\"twitter:label1\" content=\"Written by\" \/>\n\t<meta name=\"twitter:data1\" content=\"Mike Knappe\" \/>\n\t<meta name=\"twitter:label2\" content=\"Estimated reading time\" \/>\n\t<meta name=\"twitter:data2\" content=\"1 minute\" \/>\n<script type=\"application\/ld+json\" class=\"yoast-schema-graph\">{\"@context\":\"https:\\\/\\\/schema.org\",\"@graph\":[{\"@type\":\"Article\",\"@id\":\"https:\\\/\\\/auerworld-festival.de\\\/%f0%9f%8c%bf-baumarbeiten-arbeitseinsatz-runde-zwei-%f0%9f%8c%bf\\\/#article\",\"isPartOf\":{\"@id\":\"https:\\\/\\\/auerworld-festival.de\\\/%f0%9f%8c%bf-baumarbeiten-arbeitseinsatz-runde-zwei-%f0%9f%8c%bf\\\/\"},\"author\":{\"name\":\"Mike Knappe\",\"@id\":\"https:\\\/\\\/auerworld-festival.de\\\/#\\\/schema\\\/person\\\/433924ce3b75a227bf44b883e1608e29\"},\"headline\":\"\ud83c\udf3f Baumarbeiten &amp; Arbeitseinsatz: Runde Zwei \ud83c\udf3f\",\"datePublished\":\"2026-03-16T20:58:58+00:00\",\"mainEntityOfPage\":{\"@id\":\"https:\\\/\\\/auerworld-festival.de\\\/%f0%9f%8c%bf-baumarbeiten-arbeitseinsatz-runde-zwei-%f0%9f%8c%bf\\\/\"},\"wordCount\":158,\"publisher\":{\"@id\":\"https:\\\/\\\/auerworld-festival.de\\\/#organization\"},\"image\":{\"@id\":\"https:\\\/\\\/auerworld-festival.de\\\/%f0%9f%8c%bf-baumarbeiten-arbeitseinsatz-runde-zwei-%f0%9f%8c%bf\\\/#primaryimage\"},\"thumbnailUrl\":\"https:\\\/\\\/auerworld-festival.de\\\/wp-content\\\/uploads\\\/Baumarbeiten-Arbeitseinsatz-2026-03-20.webp\",\"articleSection\":[\"Arbeitseinsatz\"],\"inLanguage\":\"en-GB\"},{\"@type\":\"WebPage\",\"@id\":\"https:\\\/\\\/auerworld-festival.de\\\/%f0%9f%8c%bf-baumarbeiten-arbeitseinsatz-runde-zwei-%f0%9f%8c%bf\\\/\",\"url\":\"https:\\\/\\\/auerworld-festival.de\\\/%f0%9f%8c%bf-baumarbeiten-arbeitseinsatz-runde-zwei-%f0%9f%8c%bf\\\/\",\"name\":\"\ud83c\udf3f Baumarbeiten &amp; Arbeitseinsatz: Runde Zwei \ud83c\udf3f - Auerworld Festival\",\"isPartOf\":{\"@id\":\"https:\\\/\\\/auerworld-festival.de\\\/#website\"},\"primaryImageOfPage\":{\"@id\":\"https:\\\/\\\/auerworld-festival.de\\\/%f0%9f%8c%bf-baumarbeiten-arbeitseinsatz-runde-zwei-%f0%9f%8c%bf\\\/#primaryimage\"},\"image\":{\"@id\":\"https:\\\/\\\/auerworld-festival.de\\\/%f0%9f%8c%bf-baumarbeiten-arbeitseinsatz-runde-zwei-%f0%9f%8c%bf\\\/#primaryimage\"},\"thumbnailUrl\":\"https:\\\/\\\/auerworld-festival.de\\\/wp-content\\\/uploads\\\/Baumarbeiten-Arbeitseinsatz-2026-03-20.webp\",\"datePublished\":\"2026-03-16T20:58:58+00:00\",\"breadcrumb\":{\"@id\":\"https:\\\/\\\/auerworld-festival.de\\\/%f0%9f%8c%bf-baumarbeiten-arbeitseinsatz-runde-zwei-%f0%9f%8c%bf\\\/#breadcrumb\"},\"inLanguage\":\"en-GB\",\"potentialAction\":[{\"@type\":\"ReadAction\",\"target\":[\"https:\\\/\\\/auerworld-festival.de\\\/%f0%9f%8c%bf-baumarbeiten-arbeitseinsatz-runde-zwei-%f0%9f%8c%bf\\\/\"]}]},{\"@type\":\"ImageObject\",\"inLanguage\":\"en-GB\",\"@id\":\"https:\\\/\\\/auerworld-festival.de\\\/%f0%9f%8c%bf-baumarbeiten-arbeitseinsatz-runde-zwei-%f0%9f%8c%bf\\\/#primaryimage\",\"url\":\"https:\\\/\\\/auerworld-festival.de\\\/wp-content\\\/uploads\\\/Baumarbeiten-Arbeitseinsatz-2026-03-20.webp\",\"contentUrl\":\"https:\\\/\\\/auerworld-festival.de\\\/wp-content\\\/uploads\\\/Baumarbeiten-Arbeitseinsatz-2026-03-20.webp\",\"width\":2048,\"height\":1365,\"caption\":\"Baumarbeiten Arbeitseinsatz 2026-03-20\"},{\"@type\":\"BreadcrumbList\",\"@id\":\"https:\\\/\\\/auerworld-festival.de\\\/%f0%9f%8c%bf-baumarbeiten-arbeitseinsatz-runde-zwei-%f0%9f%8c%bf\\\/#breadcrumb\",\"itemListElement\":[{\"@type\":\"ListItem\",\"position\":1,\"name\":\"Start\",\"item\":\"https:\\\/\\\/auerworld-festival.de\\\/\"},{\"@type\":\"ListItem\",\"position\":2,\"name\":\"\ud83c\udf3f Baumarbeiten &amp; Arbeitseinsatz: Runde Zwei \ud83c\udf3f\"}]},{\"@type\":\"WebSite\",\"@id\":\"https:\\\/\\\/auerworld-festival.de\\\/#website\",\"url\":\"https:\\\/\\\/auerworld-festival.de\\\/\",\"name\":\"Auerworld Festival\",\"description\":\"Tanzen unter Weiden\",\"publisher\":{\"@id\":\"https:\\\/\\\/auerworld-festival.de\\\/#organization\"},\"potentialAction\":[{\"@type\":\"SearchAction\",\"target\":{\"@type\":\"EntryPoint\",\"urlTemplate\":\"https:\\\/\\\/auerworld-festival.de\\\/?s={search_term_string}\"},\"query-input\":{\"@type\":\"PropertyValueSpecification\",\"valueRequired\":true,\"valueName\":\"search_term_string\"}}],\"inLanguage\":\"en-GB\"},{\"@type\":\"Organization\",\"@id\":\"https:\\\/\\\/auerworld-festival.de\\\/#organization\",\"name\":\"Auerworld Festival\",\"url\":\"https:\\\/\\\/auerworld-festival.de\\\/\",\"logo\":{\"@type\":\"ImageObject\",\"inLanguage\":\"en-GB\",\"@id\":\"https:\\\/\\\/auerworld-festival.de\\\/#\\\/schema\\\/logo\\\/image\\\/\",\"url\":\"https:\\\/\\\/auerworld-festival.de\\\/wp-content\\\/uploads\\\/AWF-Logo.svg\",\"contentUrl\":\"https:\\\/\\\/auerworld-festival.de\\\/wp-content\\\/uploads\\\/AWF-Logo.svg\",\"width\":1,\"height\":1,\"caption\":\"Auerworld Festival\"},\"image\":{\"@id\":\"https:\\\/\\\/auerworld-festival.de\\\/#\\\/schema\\\/logo\\\/image\\\/\"},\"sameAs\":[\"https:\\\/\\\/www.facebook.com\\\/auerworld.festival\\\/\",\"https:\\\/\\\/www.instagram.com\\\/auerworld\\\/\"]},{\"@type\":\"Person\",\"@id\":\"https:\\\/\\\/auerworld-festival.de\\\/#\\\/schema\\\/person\\\/433924ce3b75a227bf44b883e1608e29\",\"name\":\"Mike Knappe\",\"description\":\"Nach Abschluss meines Studiums, Eheschlie\u00dfung und beginnender Vaterschaft bin als selbstst\u00e4ndiger Web- und Grafikdesigner aus Jena und Gr\u00fcnder von Jomili Design t\u00e4tig. Seit 2020 setze ich als technisch versierter Allrounder kreative und individuelle L\u00f6sungen f\u00fcr Webdesign, Grafik, Social Media und Softwareentwicklung um \u2013 immer mit dem Ziel, Menschen durch Kreativit\u00e4t zu begeistern. Neben meiner Arbeit engagiere ich mich ehrenamtlich auch in lokalen Projekten f\u00fcr Demokratie und Pluralismus.\",\"sameAs\":[\"https:\\\/\\\/jomili.de\"],\"url\":\"https:\\\/\\\/auerworld-festival.de\\\/en\\\/author\\\/mike-knappe\\\/\"}]}<\/script>\n<!-- \/ Yoast SEO plugin. -->","yoast_head_json":{"title":"\ud83c\udf3f Baumarbeiten &amp; Arbeitseinsatz: Runde Zwei \ud83c\udf3f - Auerworld Festival","robots":{"index":"index","follow":"follow","max-snippet":"max-snippet:-1","max-image-preview":"max-image-preview:large","max-video-preview":"max-video-preview:-1"},"canonical":"https:\/\/auerworld-festival.de\/en\/\ud83c\udf3f-baumarbeiten-arbeitseinsatz-runde-zwei-\ud83c\udf3f\/","og_locale":"en_GB","og_type":"article","og_title":"\ud83c\udf3f Baumarbeiten &amp; Arbeitseinsatz: Runde Zwei \ud83c\udf3f - Auerworld Festival","og_description":"Ihr Lieben, auf dem Festivalgel\u00e4nde tut sich etwas. Viele flei\u00dfige Helfer waren am letzten Wochenende dabei und haben bei der Gel\u00e4ndepflege mit angepackt.Ein gro\u00dfes St\u00fcck Arbeit ist getan.Danke an alle, die dabei waren! Flashback Eventuell erinnert ihr euch daran, dass wir im Laufe des letzten Festivals Bereiche sperren mussten, da \u00c4ste auf das Gel\u00e4nde fielen. [&hellip;]","og_url":"https:\/\/auerworld-festival.de\/en\/\ud83c\udf3f-baumarbeiten-arbeitseinsatz-runde-zwei-\ud83c\udf3f\/","og_site_name":"Auerworld Festival","article_publisher":"https:\/\/www.facebook.com\/auerworld.festival\/","article_published_time":"2026-03-16T20:58:58+00:00","og_image":[{"width":2048,"height":1365,"url":"https:\/\/auerworld-festival.de\/wp-content\/uploads\/Baumarbeiten-Arbeitseinsatz-2026-03-20.webp","type":"image\/webp"}],"author":"Mike Knappe","twitter_card":"summary_large_image","twitter_misc":{"Written by":"Mike Knappe","Estimated reading time":"1 minute"},"schema":{"@context":"https:\/\/schema.org","@graph":[{"@type":"Article","@id":"https:\/\/auerworld-festival.de\/%f0%9f%8c%bf-baumarbeiten-arbeitseinsatz-runde-zwei-%f0%9f%8c%bf\/#article","isPartOf":{"@id":"https:\/\/auerworld-festival.de\/%f0%9f%8c%bf-baumarbeiten-arbeitseinsatz-runde-zwei-%f0%9f%8c%bf\/"},"author":{"name":"Mike Knappe","@id":"https:\/\/auerworld-festival.de\/#\/schema\/person\/433924ce3b75a227bf44b883e1608e29"},"headline":"\ud83c\udf3f Baumarbeiten &amp; Arbeitseinsatz: Runde Zwei \ud83c\udf3f","datePublished":"2026-03-16T20:58:58+00:00","mainEntityOfPage":{"@id":"https:\/\/auerworld-festival.de\/%f0%9f%8c%bf-baumarbeiten-arbeitseinsatz-runde-zwei-%f0%9f%8c%bf\/"},"wordCount":158,"publisher":{"@id":"https:\/\/auerworld-festival.de\/#organization"},"image":{"@id":"https:\/\/auerworld-festival.de\/%f0%9f%8c%bf-baumarbeiten-arbeitseinsatz-runde-zwei-%f0%9f%8c%bf\/#primaryimage"},"thumbnailUrl":"https:\/\/auerworld-festival.de\/wp-content\/uploads\/Baumarbeiten-Arbeitseinsatz-2026-03-20.webp","articleSection":["Arbeitseinsatz"],"inLanguage":"en-GB"},{"@type":"WebPage","@id":"https:\/\/auerworld-festival.de\/%f0%9f%8c%bf-baumarbeiten-arbeitseinsatz-runde-zwei-%f0%9f%8c%bf\/","url":"https:\/\/auerworld-festival.de\/%f0%9f%8c%bf-baumarbeiten-arbeitseinsatz-runde-zwei-%f0%9f%8c%bf\/","name":"\ud83c\udf3f Baumarbeiten &amp; Arbeitseinsatz: Runde Zwei \ud83c\udf3f - Auerworld Festival","isPartOf":{"@id":"https:\/\/auerworld-festival.de\/#website"},"primaryImageOfPage":{"@id":"https:\/\/auerworld-festival.de\/%f0%9f%8c%bf-baumarbeiten-arbeitseinsatz-runde-zwei-%f0%9f%8c%bf\/#primaryimage"},"image":{"@id":"https:\/\/auerworld-festival.de\/%f0%9f%8c%bf-baumarbeiten-arbeitseinsatz-runde-zwei-%f0%9f%8c%bf\/#primaryimage"},"thumbnailUrl":"https:\/\/auerworld-festival.de\/wp-content\/uploads\/Baumarbeiten-Arbeitseinsatz-2026-03-20.webp","datePublished":"2026-03-16T20:58:58+00:00","breadcrumb":{"@id":"https:\/\/auerworld-festival.de\/%f0%9f%8c%bf-baumarbeiten-arbeitseinsatz-runde-zwei-%f0%9f%8c%bf\/#breadcrumb"},"inLanguage":"en-GB","potentialAction":[{"@type":"ReadAction","target":["https:\/\/auerworld-festival.de\/%f0%9f%8c%bf-baumarbeiten-arbeitseinsatz-runde-zwei-%f0%9f%8c%bf\/"]}]},{"@type":"ImageObject","inLanguage":"en-GB","@id":"https:\/\/auerworld-festival.de\/%f0%9f%8c%bf-baumarbeiten-arbeitseinsatz-runde-zwei-%f0%9f%8c%bf\/#primaryimage","url":"https:\/\/auerworld-festival.de\/wp-content\/uploads\/Baumarbeiten-Arbeitseinsatz-2026-03-20.webp","contentUrl":"https:\/\/auerworld-festival.de\/wp-content\/uploads\/Baumarbeiten-Arbeitseinsatz-2026-03-20.webp","width":2048,"height":1365,"caption":"Baumarbeiten Arbeitseinsatz 2026-03-20"},{"@type":"BreadcrumbList","@id":"https:\/\/auerworld-festival.de\/%f0%9f%8c%bf-baumarbeiten-arbeitseinsatz-runde-zwei-%f0%9f%8c%bf\/#breadcrumb","itemListElement":[{"@type":"ListItem","position":1,"name":"Start","item":"https:\/\/auerworld-festival.de\/"},{"@type":"ListItem","position":2,"name":"\ud83c\udf3f Baumarbeiten &amp; Arbeitseinsatz: Runde Zwei \ud83c\udf3f"}]},{"@type":"WebSite","@id":"https:\/\/auerworld-festival.de\/#website","url":"https:\/\/auerworld-festival.de\/","name":"Auerworld Festival","description":"Tanzen unter Weiden","publisher":{"@id":"https:\/\/auerworld-festival.de\/#organization"},"potentialAction":[{"@type":"SearchAction","target":{"@type":"EntryPoint","urlTemplate":"https:\/\/auerworld-festival.de\/?s={search_term_string}"},"query-input":{"@type":"PropertyValueSpecification","valueRequired":true,"valueName":"search_term_string"}}],"inLanguage":"en-GB"},{"@type":"Organization","@id":"https:\/\/auerworld-festival.de\/#organization","name":"Auerworld Festival","url":"https:\/\/auerworld-festival.de\/","logo":{"@type":"ImageObject","inLanguage":"en-GB","@id":"https:\/\/auerworld-festival.de\/#\/schema\/logo\/image\/","url":"https:\/\/auerworld-festival.de\/wp-content\/uploads\/AWF-Logo.svg","contentUrl":"https:\/\/auerworld-festival.de\/wp-content\/uploads\/AWF-Logo.svg","width":1,"height":1,"caption":"Auerworld Festival"},"image":{"@id":"https:\/\/auerworld-festival.de\/#\/schema\/logo\/image\/"},"sameAs":["https:\/\/www.facebook.com\/auerworld.festival\/","https:\/\/www.instagram.com\/auerworld\/"]},{"@type":"Person","@id":"https:\/\/auerworld-festival.de\/#\/schema\/person\/433924ce3b75a227bf44b883e1608e29","name":"Mike Knappe","description":"Nach Abschluss meines Studiums, Eheschlie\u00dfung und beginnender Vaterschaft bin als selbstst\u00e4ndiger Web- und Grafikdesigner aus Jena und Gr\u00fcnder von Jomili Design t\u00e4tig. Seit 2020 setze ich als technisch versierter Allrounder kreative und individuelle L\u00f6sungen f\u00fcr Webdesign, Grafik, Social Media und Softwareentwicklung um \u2013 immer mit dem Ziel, Menschen durch Kreativit\u00e4t zu begeistern. Neben meiner Arbeit engagiere ich mich ehrenamtlich auch in lokalen Projekten f\u00fcr Demokratie und Pluralismus.","sameAs":["https:\/\/jomili.de"],"url":"https:\/\/auerworld-festival.de\/en\/author\/mike-knappe\/"}]}},"_links":{"self":[{"href":"https:\/\/auerworld-festival.de\/en\/wp-json\/wp\/v2\/posts\/4218","targetHints":{"allow":["GET"]}}],"collection":[{"href":"https:\/\/auerworld-festival.de\/en\/wp-json\/wp\/v2\/posts"}],"about":[{"href":"https:\/\/auerworld-festival.de\/en\/wp-json\/wp\/v2\/types\/post"}],"author":[{"embeddable":true,"href":"https:\/\/auerworld-festival.de\/en\/wp-json\/wp\/v2\/users\/9"}],"replies":[{"embeddable":true,"href":"https:\/\/auerworld-festival.de\/en\/wp-json\/wp\/v2\/comments?post=4218"}],"version-history":[{"count":1,"href":"https:\/\/auerworld-festival.de\/en\/wp-json\/wp\/v2\/posts\/4218\/revisions"}],"predecessor-version":[{"id":4220,"href":"https:\/\/auerworld-festival.de\/en\/wp-json\/wp\/v2\/posts\/4218\/revisions\/4220"}],"wp:featuredmedia":[{"embeddable":true,"href":"https:\/\/auerworld-festival.de\/en\/wp-json\/wp\/v2\/media\/4219"}],"wp:attachment":[{"href":"https:\/\/auerworld-festival.de\/en\/wp-json\/wp\/v2\/media?parent=4218"}],"wp:term":[{"taxonomy":"category","embeddable":true,"href":"https:\/\/auerworld-festival.de\/en\/wp-json\/wp\/v2\/categories?post=4218"},{"taxonomy":"post_tag","embeddable":true,"href":"https:\/\/auerworld-festival.de\/en\/wp-json\/wp\/v2\/tags?post=4218"},{"taxonomy":"post_folder","embeddable":true,"href":"https:\/\/auerworld-festival.de\/en\/wp-json\/wp\/v2\/post_folder?post=4218"}],"curies":[{"name":"wp","href":"https:\/\/api.w.org\/{rel}","templated":true}]}}