{"id":3137,"date":"2025-06-18T01:23:21","date_gmt":"2025-06-17T23:23:21","guid":{"rendered":"https:\/\/auerworld-festival.de\/?p=3137"},"modified":"2025-06-18T01:25:16","modified_gmt":"2025-06-17T23:25:16","slug":"vergissmalnicht-traumtauschbaum","status":"publish","type":"post","link":"https:\/\/auerworld-festival.de\/en\/vergissmalnicht-traumtauschbaum\/","title":{"rendered":"Vergissmalnicht: Traumtauschbaum"},"content":{"rendered":"<p>[et_pb_section fb_built=&#8220;1&#8243; theme_builder_area=&#8220;post_content&#8220; _builder_version=&#8220;4.27.4&#8243; _module_preset=&#8220;default&#8220;][et_pb_row _builder_version=&#8220;4.27.4&#8243; _module_preset=&#8220;default&#8220; theme_builder_area=&#8220;post_content&#8220;][et_pb_column _builder_version=&#8220;4.27.4&#8243; _module_preset=&#8220;default&#8220; type=&#8220;4_4&#8243; theme_builder_area=&#8220;post_content&#8220;][et_pb_text _builder_version=&#8220;4.27.4&#8243; _module_preset=&#8220;default&#8220; theme_builder_area=&#8220;post_content&#8220; hover_enabled=&#8220;0&#8243; sticky_enabled=&#8220;0&#8243;]<\/p>\n<h2>Ein magischer Ort des Teilens und Findens<\/h2>\n<p dir=\"auto\">Auf dem Auerworld Festival gibt es einen besonderen Ort, der nicht nur die Blicke auf sich zieht, sondern auch die Herzen der Besucher ber\u00fchrt: der Traumtauschbaum. Dieser magische Baum ist nicht nur ein Symbol f\u00fcr Nachhaltigkeit und Gemeinschaft, sondern auch ein Ort, an dem Geschichten entstehen und Erinnerungen geteilt werden.<\/p>\n<h2>Der magische Baum<\/h2>\n<p dir=\"auto\">Der Traumtauschbaum ist ein einzigartiger Ort auf dem Festivalgel\u00e4nde, an dem Besucher ihre unbenutzten oder nicht mehr getragenen Kleidungsst\u00fccke aufh\u00e4ngen k\u00f6nnen. Die Idee ist einfach, aber wirkungsvoll: Gib deiner Kleidung ein neues Leben, indem du sie in den Baum h\u00e4ngst, und lass andere Festivalbesucher sich \u00fcber ein neues Lieblingsteil freuen.<\/p>\n<h2>Wie alles begann<\/h2>\n<p dir=\"auto\">Die Idee zum Traumtauschbaum entstand aus dem Wunsch heraus, etwas gegen die Verschwendung von Kleidung zu tun. Jeder von uns hat Kleidungsst\u00fccke, die wir nicht mehr tragen, die aber noch in gutem Zustand sind. Statt sie zu Hause verstauben zu lassen oder sie zu entsorgen, k\u00f6nnen Besucher sie zum Festival mitbringen und in den Traumtauschbaum h\u00e4ngen. So findet jedes Kleidungsst\u00fcck einen neuen Besitzer und eine neue Geschichte.<\/p>\n<h2>Die Magie des Teilens<\/h2>\n<p dir=\"auto\">Einer der sch\u00f6nsten Momente am Traumtauschbaum ist das Gef\u00fchl, etwas Gutes zu tun. Es ist ein wunderbares Gef\u00fchl, zu wissen, dass deine alten Kleidungsst\u00fccke jemand anderen gl\u00fccklich machen. Viele Besucher berichten, dass sie nicht nur Kleidung mitnehmen, sondern auch neue Freundschaften schlie\u00dfen, denn wohlm\u00f6glich wird dein mitgebrachtes Kleidungsst\u00fcck auf dem Festival von jemand anderes getragen. Wenn dies nicht eine der einfachsten Gelegenheit ist, um mit anderen Besuchern in Kontakt zu kommen und vielleicht einige Anekdoten \u00fcber das Kleidungsst\u00fcck zu offenbaren?<\/p>\n<h2>Ein Ritual f\u00fcr die Besucher<\/h2>\n<p dir=\"auto\">Der Traumtauschbaum ist auch ein Ort f\u00fcr Familien. Eltern k\u00f6nnen ihren Kindern zeigen, wie wichtig es ist, Dinge zu teilen und an andere zu denken.<\/p>\n<p dir=\"auto\">Der Traumtauschbaum ist jeden Tag des Festivals ge\u00f6ffnet, und es gibt immer etwas zu entdecken. Ihr k\u00f6nnen eure sauberen und gut erhaltenen Kleidungsst\u00fccke mitbringen und sie in den Baum h\u00e4ngen. Wer etwas findet, das ihm gef\u00e4llt, kann es einfach mitnehmen und ihm ein neues Zuhause geben.<\/p>\n<p dir=\"auto\">Der Traumtauschbaum ist ein besonderer Ort auf dem Auerworld Festival, der die Besucher daran erinnert, wie wichtig es ist, zu teilen und an andere zu denken. Er ist ein Symbol f\u00fcr Nachhaltigkeit, Gemeinschaft und Freude. Wir hoffen, dass diese wunderbare Aktion auch in den kommenden Jahren rege Teilnahme erf\u00e4hrt und noch mehr Menschen dazu inspiriert, ihrer Kleidung ein neues Leben zu geben.<\/p>\n<p dir=\"auto\">Denkt somit bitte an Eure Traumtauschkleidung!<\/p>\n<p>[\/et_pb_text][\/et_pb_column][\/et_pb_row][\/et_pb_section]<\/p>\n","protected":false},"excerpt":{"rendered":"<p>Ein magischer Ort des Teilens und Findens Auf dem Auerworld Festival gibt es einen besonderen Ort, der nicht nur die Blicke auf sich zieht, sondern auch die Herzen der Besucher ber\u00fchrt: der Traumtauschbaum. Dieser magische Baum ist nicht nur ein Symbol f\u00fcr Nachhaltigkeit und Gemeinschaft, sondern auch ein Ort, an dem Geschichten entstehen und Erinnerungen [&hellip;]<\/p>\n","protected":false},"author":9,"featured_media":3128,"comment_status":"closed","ping_status":"open","sticky":false,"template":"","format":"standard","meta":{"_et_pb_use_builder":"on","_et_pb_old_content":"","_et_gb_content_width":"","footnotes":""},"categories":[5],"tags":[241,8,247],"post_folder":[374],"class_list":["post-3137","post","type-post","status-publish","format-standard","has-post-thumbnail","hentry","category-information","tag-241","tag-festival","tag-nachhaltigkeit"],"yoast_head":"<!-- This site is optimized with the Yoast SEO plugin v27.3 - https:\/\/yoast.com\/product\/yoast-seo-wordpress\/ -->\n<title>Vergissmalnicht: Traumtauschbaum - Auerworld Festival<\/title>\n<meta name=\"robots\" content=\"index, follow, max-snippet:-1, max-image-preview:large, max-video-preview:-1\" \/>\n<link rel=\"canonical\" href=\"https:\/\/auerworld-festival.de\/en\/vergissmalnicht-traumtauschbaum\/\" \/>\n<meta property=\"og:locale\" content=\"en_GB\" \/>\n<meta property=\"og:type\" content=\"article\" \/>\n<meta property=\"og:title\" content=\"Vergissmalnicht: Traumtauschbaum - Auerworld Festival\" \/>\n<meta property=\"og:description\" content=\"Ein magischer Ort des Teilens und Findens Auf dem Auerworld Festival gibt es einen besonderen Ort, der nicht nur die Blicke auf sich zieht, sondern auch die Herzen der Besucher ber\u00fchrt: der Traumtauschbaum. Dieser magische Baum ist nicht nur ein Symbol f\u00fcr Nachhaltigkeit und Gemeinschaft, sondern auch ein Ort, an dem Geschichten entstehen und Erinnerungen [&hellip;]\" \/>\n<meta property=\"og:url\" content=\"https:\/\/auerworld-festival.de\/en\/vergissmalnicht-traumtauschbaum\/\" \/>\n<meta property=\"og:site_name\" content=\"Auerworld Festival\" \/>\n<meta property=\"article:publisher\" content=\"https:\/\/www.facebook.com\/auerworld.festival\/\" \/>\n<meta property=\"article:published_time\" content=\"2025-06-17T23:23:21+00:00\" \/>\n<meta property=\"article:modified_time\" content=\"2025-06-17T23:25:16+00:00\" \/>\n<meta property=\"og:image\" content=\"https:\/\/auerworld-festival.de\/wp-content\/uploads\/Traumtausch-3.webp\" \/>\n\t<meta property=\"og:image:width\" content=\"2048\" \/>\n\t<meta property=\"og:image:height\" content=\"1365\" \/>\n\t<meta property=\"og:image:type\" content=\"image\/webp\" \/>\n<meta name=\"author\" content=\"Mike Knappe\" \/>\n<meta name=\"twitter:card\" content=\"summary_large_image\" \/>\n<meta name=\"twitter:label1\" content=\"Written by\" \/>\n\t<meta name=\"twitter:data1\" content=\"Mike Knappe\" \/>\n\t<meta name=\"twitter:label2\" content=\"Estimated reading time\" \/>\n\t<meta name=\"twitter:data2\" content=\"3 minutes\" \/>\n<script type=\"application\/ld+json\" class=\"yoast-schema-graph\">{\"@context\":\"https:\\\/\\\/schema.org\",\"@graph\":[{\"@type\":\"Article\",\"@id\":\"https:\\\/\\\/auerworld-festival.de\\\/vergissmalnicht-traumtauschbaum\\\/#article\",\"isPartOf\":{\"@id\":\"https:\\\/\\\/auerworld-festival.de\\\/vergissmalnicht-traumtauschbaum\\\/\"},\"author\":{\"name\":\"Mike Knappe\",\"@id\":\"https:\\\/\\\/auerworld-festival.de\\\/#\\\/schema\\\/person\\\/433924ce3b75a227bf44b883e1608e29\"},\"headline\":\"Vergissmalnicht: Traumtauschbaum\",\"datePublished\":\"2025-06-17T23:23:21+00:00\",\"dateModified\":\"2025-06-17T23:25:16+00:00\",\"mainEntityOfPage\":{\"@id\":\"https:\\\/\\\/auerworld-festival.de\\\/vergissmalnicht-traumtauschbaum\\\/\"},\"wordCount\":511,\"publisher\":{\"@id\":\"https:\\\/\\\/auerworld-festival.de\\\/#organization\"},\"image\":{\"@id\":\"https:\\\/\\\/auerworld-festival.de\\\/vergissmalnicht-traumtauschbaum\\\/#primaryimage\"},\"thumbnailUrl\":\"https:\\\/\\\/auerworld-festival.de\\\/wp-content\\\/uploads\\\/Traumtausch-3.webp\",\"keywords\":[\"2025\",\"Festival\",\"Nachhaltigkeit\"],\"articleSection\":[\"Information\"],\"inLanguage\":\"en-GB\"},{\"@type\":\"WebPage\",\"@id\":\"https:\\\/\\\/auerworld-festival.de\\\/vergissmalnicht-traumtauschbaum\\\/\",\"url\":\"https:\\\/\\\/auerworld-festival.de\\\/vergissmalnicht-traumtauschbaum\\\/\",\"name\":\"Vergissmalnicht: Traumtauschbaum - Auerworld Festival\",\"isPartOf\":{\"@id\":\"https:\\\/\\\/auerworld-festival.de\\\/#website\"},\"primaryImageOfPage\":{\"@id\":\"https:\\\/\\\/auerworld-festival.de\\\/vergissmalnicht-traumtauschbaum\\\/#primaryimage\"},\"image\":{\"@id\":\"https:\\\/\\\/auerworld-festival.de\\\/vergissmalnicht-traumtauschbaum\\\/#primaryimage\"},\"thumbnailUrl\":\"https:\\\/\\\/auerworld-festival.de\\\/wp-content\\\/uploads\\\/Traumtausch-3.webp\",\"datePublished\":\"2025-06-17T23:23:21+00:00\",\"dateModified\":\"2025-06-17T23:25:16+00:00\",\"breadcrumb\":{\"@id\":\"https:\\\/\\\/auerworld-festival.de\\\/vergissmalnicht-traumtauschbaum\\\/#breadcrumb\"},\"inLanguage\":\"en-GB\",\"potentialAction\":[{\"@type\":\"ReadAction\",\"target\":[\"https:\\\/\\\/auerworld-festival.de\\\/vergissmalnicht-traumtauschbaum\\\/\"]}]},{\"@type\":\"ImageObject\",\"inLanguage\":\"en-GB\",\"@id\":\"https:\\\/\\\/auerworld-festival.de\\\/vergissmalnicht-traumtauschbaum\\\/#primaryimage\",\"url\":\"https:\\\/\\\/auerworld-festival.de\\\/wp-content\\\/uploads\\\/Traumtausch-3.webp\",\"contentUrl\":\"https:\\\/\\\/auerworld-festival.de\\\/wp-content\\\/uploads\\\/Traumtausch-3.webp\",\"width\":2048,\"height\":1365,\"caption\":\"Traumtausch\"},{\"@type\":\"BreadcrumbList\",\"@id\":\"https:\\\/\\\/auerworld-festival.de\\\/vergissmalnicht-traumtauschbaum\\\/#breadcrumb\",\"itemListElement\":[{\"@type\":\"ListItem\",\"position\":1,\"name\":\"Start\",\"item\":\"https:\\\/\\\/auerworld-festival.de\\\/\"},{\"@type\":\"ListItem\",\"position\":2,\"name\":\"Vergissmalnicht: Traumtauschbaum\"}]},{\"@type\":\"WebSite\",\"@id\":\"https:\\\/\\\/auerworld-festival.de\\\/#website\",\"url\":\"https:\\\/\\\/auerworld-festival.de\\\/\",\"name\":\"Auerworld Festival\",\"description\":\"Tanzen unter Weiden\",\"publisher\":{\"@id\":\"https:\\\/\\\/auerworld-festival.de\\\/#organization\"},\"potentialAction\":[{\"@type\":\"SearchAction\",\"target\":{\"@type\":\"EntryPoint\",\"urlTemplate\":\"https:\\\/\\\/auerworld-festival.de\\\/?s={search_term_string}\"},\"query-input\":{\"@type\":\"PropertyValueSpecification\",\"valueRequired\":true,\"valueName\":\"search_term_string\"}}],\"inLanguage\":\"en-GB\"},{\"@type\":\"Organization\",\"@id\":\"https:\\\/\\\/auerworld-festival.de\\\/#organization\",\"name\":\"Auerworld Festival\",\"url\":\"https:\\\/\\\/auerworld-festival.de\\\/\",\"logo\":{\"@type\":\"ImageObject\",\"inLanguage\":\"en-GB\",\"@id\":\"https:\\\/\\\/auerworld-festival.de\\\/#\\\/schema\\\/logo\\\/image\\\/\",\"url\":\"https:\\\/\\\/auerworld-festival.de\\\/wp-content\\\/uploads\\\/AWF-Logo.svg\",\"contentUrl\":\"https:\\\/\\\/auerworld-festival.de\\\/wp-content\\\/uploads\\\/AWF-Logo.svg\",\"width\":1,\"height\":1,\"caption\":\"Auerworld Festival\"},\"image\":{\"@id\":\"https:\\\/\\\/auerworld-festival.de\\\/#\\\/schema\\\/logo\\\/image\\\/\"},\"sameAs\":[\"https:\\\/\\\/www.facebook.com\\\/auerworld.festival\\\/\",\"https:\\\/\\\/www.instagram.com\\\/auerworld\\\/\"]},{\"@type\":\"Person\",\"@id\":\"https:\\\/\\\/auerworld-festival.de\\\/#\\\/schema\\\/person\\\/433924ce3b75a227bf44b883e1608e29\",\"name\":\"Mike Knappe\",\"description\":\"Nach Abschluss meines Studiums, Eheschlie\u00dfung und beginnender Vaterschaft bin als selbstst\u00e4ndiger Web- und Grafikdesigner aus Jena und Gr\u00fcnder von Jomili Design t\u00e4tig. Seit 2020 setze ich als technisch versierter Allrounder kreative und individuelle L\u00f6sungen f\u00fcr Webdesign, Grafik, Social Media und Softwareentwicklung um \u2013 immer mit dem Ziel, Menschen durch Kreativit\u00e4t zu begeistern. Neben meiner Arbeit engagiere ich mich ehrenamtlich auch in lokalen Projekten f\u00fcr Demokratie und Pluralismus.\",\"sameAs\":[\"https:\\\/\\\/jomili.de\"],\"url\":\"https:\\\/\\\/auerworld-festival.de\\\/en\\\/author\\\/mike-knappe\\\/\"}]}<\/script>\n<!-- \/ Yoast SEO plugin. -->","yoast_head_json":{"title":"Vergissmalnicht: Traumtauschbaum - Auerworld Festival","robots":{"index":"index","follow":"follow","max-snippet":"max-snippet:-1","max-image-preview":"max-image-preview:large","max-video-preview":"max-video-preview:-1"},"canonical":"https:\/\/auerworld-festival.de\/en\/vergissmalnicht-traumtauschbaum\/","og_locale":"en_GB","og_type":"article","og_title":"Vergissmalnicht: Traumtauschbaum - Auerworld Festival","og_description":"Ein magischer Ort des Teilens und Findens Auf dem Auerworld Festival gibt es einen besonderen Ort, der nicht nur die Blicke auf sich zieht, sondern auch die Herzen der Besucher ber\u00fchrt: der Traumtauschbaum. Dieser magische Baum ist nicht nur ein Symbol f\u00fcr Nachhaltigkeit und Gemeinschaft, sondern auch ein Ort, an dem Geschichten entstehen und Erinnerungen [&hellip;]","og_url":"https:\/\/auerworld-festival.de\/en\/vergissmalnicht-traumtauschbaum\/","og_site_name":"Auerworld Festival","article_publisher":"https:\/\/www.facebook.com\/auerworld.festival\/","article_published_time":"2025-06-17T23:23:21+00:00","article_modified_time":"2025-06-17T23:25:16+00:00","og_image":[{"width":2048,"height":1365,"url":"https:\/\/auerworld-festival.de\/wp-content\/uploads\/Traumtausch-3.webp","type":"image\/webp"}],"author":"Mike Knappe","twitter_card":"summary_large_image","twitter_misc":{"Written by":"Mike Knappe","Estimated reading time":"3 minutes"},"schema":{"@context":"https:\/\/schema.org","@graph":[{"@type":"Article","@id":"https:\/\/auerworld-festival.de\/vergissmalnicht-traumtauschbaum\/#article","isPartOf":{"@id":"https:\/\/auerworld-festival.de\/vergissmalnicht-traumtauschbaum\/"},"author":{"name":"Mike Knappe","@id":"https:\/\/auerworld-festival.de\/#\/schema\/person\/433924ce3b75a227bf44b883e1608e29"},"headline":"Vergissmalnicht: Traumtauschbaum","datePublished":"2025-06-17T23:23:21+00:00","dateModified":"2025-06-17T23:25:16+00:00","mainEntityOfPage":{"@id":"https:\/\/auerworld-festival.de\/vergissmalnicht-traumtauschbaum\/"},"wordCount":511,"publisher":{"@id":"https:\/\/auerworld-festival.de\/#organization"},"image":{"@id":"https:\/\/auerworld-festival.de\/vergissmalnicht-traumtauschbaum\/#primaryimage"},"thumbnailUrl":"https:\/\/auerworld-festival.de\/wp-content\/uploads\/Traumtausch-3.webp","keywords":["2025","Festival","Nachhaltigkeit"],"articleSection":["Information"],"inLanguage":"en-GB"},{"@type":"WebPage","@id":"https:\/\/auerworld-festival.de\/vergissmalnicht-traumtauschbaum\/","url":"https:\/\/auerworld-festival.de\/vergissmalnicht-traumtauschbaum\/","name":"Vergissmalnicht: Traumtauschbaum - Auerworld Festival","isPartOf":{"@id":"https:\/\/auerworld-festival.de\/#website"},"primaryImageOfPage":{"@id":"https:\/\/auerworld-festival.de\/vergissmalnicht-traumtauschbaum\/#primaryimage"},"image":{"@id":"https:\/\/auerworld-festival.de\/vergissmalnicht-traumtauschbaum\/#primaryimage"},"thumbnailUrl":"https:\/\/auerworld-festival.de\/wp-content\/uploads\/Traumtausch-3.webp","datePublished":"2025-06-17T23:23:21+00:00","dateModified":"2025-06-17T23:25:16+00:00","breadcrumb":{"@id":"https:\/\/auerworld-festival.de\/vergissmalnicht-traumtauschbaum\/#breadcrumb"},"inLanguage":"en-GB","potentialAction":[{"@type":"ReadAction","target":["https:\/\/auerworld-festival.de\/vergissmalnicht-traumtauschbaum\/"]}]},{"@type":"ImageObject","inLanguage":"en-GB","@id":"https:\/\/auerworld-festival.de\/vergissmalnicht-traumtauschbaum\/#primaryimage","url":"https:\/\/auerworld-festival.de\/wp-content\/uploads\/Traumtausch-3.webp","contentUrl":"https:\/\/auerworld-festival.de\/wp-content\/uploads\/Traumtausch-3.webp","width":2048,"height":1365,"caption":"Traumtausch"},{"@type":"BreadcrumbList","@id":"https:\/\/auerworld-festival.de\/vergissmalnicht-traumtauschbaum\/#breadcrumb","itemListElement":[{"@type":"ListItem","position":1,"name":"Start","item":"https:\/\/auerworld-festival.de\/"},{"@type":"ListItem","position":2,"name":"Vergissmalnicht: Traumtauschbaum"}]},{"@type":"WebSite","@id":"https:\/\/auerworld-festival.de\/#website","url":"https:\/\/auerworld-festival.de\/","name":"Auerworld Festival","description":"Tanzen unter Weiden","publisher":{"@id":"https:\/\/auerworld-festival.de\/#organization"},"potentialAction":[{"@type":"SearchAction","target":{"@type":"EntryPoint","urlTemplate":"https:\/\/auerworld-festival.de\/?s={search_term_string}"},"query-input":{"@type":"PropertyValueSpecification","valueRequired":true,"valueName":"search_term_string"}}],"inLanguage":"en-GB"},{"@type":"Organization","@id":"https:\/\/auerworld-festival.de\/#organization","name":"Auerworld Festival","url":"https:\/\/auerworld-festival.de\/","logo":{"@type":"ImageObject","inLanguage":"en-GB","@id":"https:\/\/auerworld-festival.de\/#\/schema\/logo\/image\/","url":"https:\/\/auerworld-festival.de\/wp-content\/uploads\/AWF-Logo.svg","contentUrl":"https:\/\/auerworld-festival.de\/wp-content\/uploads\/AWF-Logo.svg","width":1,"height":1,"caption":"Auerworld Festival"},"image":{"@id":"https:\/\/auerworld-festival.de\/#\/schema\/logo\/image\/"},"sameAs":["https:\/\/www.facebook.com\/auerworld.festival\/","https:\/\/www.instagram.com\/auerworld\/"]},{"@type":"Person","@id":"https:\/\/auerworld-festival.de\/#\/schema\/person\/433924ce3b75a227bf44b883e1608e29","name":"Mike Knappe","description":"Nach Abschluss meines Studiums, Eheschlie\u00dfung und beginnender Vaterschaft bin als selbstst\u00e4ndiger Web- und Grafikdesigner aus Jena und Gr\u00fcnder von Jomili Design t\u00e4tig. Seit 2020 setze ich als technisch versierter Allrounder kreative und individuelle L\u00f6sungen f\u00fcr Webdesign, Grafik, Social Media und Softwareentwicklung um \u2013 immer mit dem Ziel, Menschen durch Kreativit\u00e4t zu begeistern. Neben meiner Arbeit engagiere ich mich ehrenamtlich auch in lokalen Projekten f\u00fcr Demokratie und Pluralismus.","sameAs":["https:\/\/jomili.de"],"url":"https:\/\/auerworld-festival.de\/en\/author\/mike-knappe\/"}]}},"_links":{"self":[{"href":"https:\/\/auerworld-festival.de\/en\/wp-json\/wp\/v2\/posts\/3137","targetHints":{"allow":["GET"]}}],"collection":[{"href":"https:\/\/auerworld-festival.de\/en\/wp-json\/wp\/v2\/posts"}],"about":[{"href":"https:\/\/auerworld-festival.de\/en\/wp-json\/wp\/v2\/types\/post"}],"author":[{"embeddable":true,"href":"https:\/\/auerworld-festival.de\/en\/wp-json\/wp\/v2\/users\/9"}],"replies":[{"embeddable":true,"href":"https:\/\/auerworld-festival.de\/en\/wp-json\/wp\/v2\/comments?post=3137"}],"version-history":[{"count":3,"href":"https:\/\/auerworld-festival.de\/en\/wp-json\/wp\/v2\/posts\/3137\/revisions"}],"predecessor-version":[{"id":3142,"href":"https:\/\/auerworld-festival.de\/en\/wp-json\/wp\/v2\/posts\/3137\/revisions\/3142"}],"wp:featuredmedia":[{"embeddable":true,"href":"https:\/\/auerworld-festival.de\/en\/wp-json\/wp\/v2\/media\/3128"}],"wp:attachment":[{"href":"https:\/\/auerworld-festival.de\/en\/wp-json\/wp\/v2\/media?parent=3137"}],"wp:term":[{"taxonomy":"category","embeddable":true,"href":"https:\/\/auerworld-festival.de\/en\/wp-json\/wp\/v2\/categories?post=3137"},{"taxonomy":"post_tag","embeddable":true,"href":"https:\/\/auerworld-festival.de\/en\/wp-json\/wp\/v2\/tags?post=3137"},{"taxonomy":"post_folder","embeddable":true,"href":"https:\/\/auerworld-festival.de\/en\/wp-json\/wp\/v2\/post_folder?post=3137"}],"curies":[{"name":"wp","href":"https:\/\/api.w.org\/{rel}","templated":true}]}}